{"id":2351,"date":"2018-01-28T16:00:20","date_gmt":"2018-01-28T16:00:20","guid":{"rendered":"http:\/\/arquersolivella.com\/wordpress\/?p=2351"},"modified":"2018-02-03T16:20:14","modified_gmt":"2018-02-03T16:20:14","slug":"campions-de-catalunya-en-sala","status":"publish","type":"post","link":"https:\/\/arquersolivella.com\/wordpress\/?p=2351","title":{"rendered":"Campions de Catalunya en Sala!!!"},"content":{"rendered":"<p><img loading=\"lazy\" decoding=\"async\" class=\"aligncenter size-full wp-image-2352\" src=\"https:\/\/arquersolivella.com\/wordpress\/wp-content\/uploads\/2018\/02\/26993851_1568406456611495_807716091895049942_n.jpg\" alt=\"\" width=\"960\" height=\"720\" srcset=\"https:\/\/arquersolivella.com\/wordpress\/wp-content\/uploads\/2018\/02\/26993851_1568406456611495_807716091895049942_n.jpg 960w, https:\/\/arquersolivella.com\/wordpress\/wp-content\/uploads\/2018\/02\/26993851_1568406456611495_807716091895049942_n-300x225.jpg 300w, https:\/\/arquersolivella.com\/wordpress\/wp-content\/uploads\/2018\/02\/26993851_1568406456611495_807716091895049942_n-768x576.jpg 768w, https:\/\/arquersolivella.com\/wordpress\/wp-content\/uploads\/2018\/02\/26993851_1568406456611495_807716091895049942_n-480x360.jpg 480w, https:\/\/arquersolivella.com\/wordpress\/wp-content\/uploads\/2018\/02\/26993851_1568406456611495_807716091895049942_n-320x240.jpg 320w, https:\/\/arquersolivella.com\/wordpress\/wp-content\/uploads\/2018\/02\/26993851_1568406456611495_807716091895049942_n-240x180.jpg 240w\" sizes=\"auto, (max-width: 960px) 100vw, 960px\" \/><\/p>\n<p>Jordi Almirall i Cristina Sansa son els nous campions de Catalunya de Sala de la temporada 2017-2018 a la modalitat d&#8217;arc instintiu.<\/p>\n<p><img loading=\"lazy\" decoding=\"async\" class=\"aligncenter size-full wp-image-2353\" src=\"https:\/\/arquersolivella.com\/wordpress\/wp-content\/uploads\/2018\/02\/27073431_1568405333278274_4851993737811172284_n.jpg\" alt=\"\" width=\"960\" height=\"541\" srcset=\"https:\/\/arquersolivella.com\/wordpress\/wp-content\/uploads\/2018\/02\/27073431_1568405333278274_4851993737811172284_n.jpg 960w, https:\/\/arquersolivella.com\/wordpress\/wp-content\/uploads\/2018\/02\/27073431_1568405333278274_4851993737811172284_n-300x169.jpg 300w, https:\/\/arquersolivella.com\/wordpress\/wp-content\/uploads\/2018\/02\/27073431_1568405333278274_4851993737811172284_n-768x433.jpg 768w\" sizes=\"auto, (max-width: 960px) 100vw, 960px\" \/><\/p>\n<p>La representaci\u00f3 del Club al 51\u00e8 Campionat de Catalunya de Sala ha estat nombrosa, amb un total de 10 participants.<\/p>\n<p>A m\u00e9s a m\u00e9s dels ors esmentats de Jordi Almirall i Cristina Sansa en la modalitat d&#8217;arc instintiu s\u00e8nior, Elisa Montserrat va aconseguir el bronze, realitzant un magn\u00edfic doblet en el podi femen\u00ed d&#8217;arc instintiu.<\/p>\n<p>Els veterans tamb\u00e9 van aconseguir trofeu: F\u00e9lix S\u00e1nchez or en la modalitat instintiu i Carles Abarca bronze en la modalitat recorbat.<\/p>\n<p>Jordi Almirall es va emportar el trofeu UFEC a la millor puntuaci\u00f3 absoluta en la modalitat d&#8217;arc instintiu.<\/p>\n<p>Felicitats campions!!!<\/p>\n<p><img loading=\"lazy\" decoding=\"async\" class=\"aligncenter size-large wp-image-2356\" src=\"https:\/\/arquersolivella.com\/wordpress\/wp-content\/uploads\/2018\/02\/27066976_1568410026611138_2886588407122066149_n.jpg\" alt=\"\" width=\"720\" height=\"960\" srcset=\"https:\/\/arquersolivella.com\/wordpress\/wp-content\/uploads\/2018\/02\/27066976_1568410026611138_2886588407122066149_n.jpg 720w, https:\/\/arquersolivella.com\/wordpress\/wp-content\/uploads\/2018\/02\/27066976_1568410026611138_2886588407122066149_n-225x300.jpg 225w\" sizes=\"auto, (max-width: 720px) 100vw, 720px\" \/> <\/p>\n<p><img loading=\"lazy\" decoding=\"async\" class=\"aligncenter size-large wp-image-2357\" src=\"https:\/\/arquersolivella.com\/wordpress\/wp-content\/uploads\/2018\/02\/26992114_1568410183277789_2030133880486175079_n.jpg\" alt=\"\" width=\"960\" height=\"720\" srcset=\"https:\/\/arquersolivella.com\/wordpress\/wp-content\/uploads\/2018\/02\/26992114_1568410183277789_2030133880486175079_n.jpg 960w, https:\/\/arquersolivella.com\/wordpress\/wp-content\/uploads\/2018\/02\/26992114_1568410183277789_2030133880486175079_n-300x225.jpg 300w, https:\/\/arquersolivella.com\/wordpress\/wp-content\/uploads\/2018\/02\/26992114_1568410183277789_2030133880486175079_n-768x576.jpg 768w, https:\/\/arquersolivella.com\/wordpress\/wp-content\/uploads\/2018\/02\/26992114_1568410183277789_2030133880486175079_n-480x360.jpg 480w, https:\/\/arquersolivella.com\/wordpress\/wp-content\/uploads\/2018\/02\/26992114_1568410183277789_2030133880486175079_n-320x240.jpg 320w, https:\/\/arquersolivella.com\/wordpress\/wp-content\/uploads\/2018\/02\/26992114_1568410183277789_2030133880486175079_n-240x180.jpg 240w\" sizes=\"auto, (max-width: 960px) 100vw, 960px\" \/> <\/p>\n<p><img loading=\"lazy\" decoding=\"async\" class=\"aligncenter size-large wp-image-2358\" src=\"https:\/\/arquersolivella.com\/wordpress\/wp-content\/uploads\/2018\/02\/27331834_1568410229944451_1196618053944441679_n.jpg\" alt=\"\" width=\"720\" height=\"960\" srcset=\"https:\/\/arquersolivella.com\/wordpress\/wp-content\/uploads\/2018\/02\/27331834_1568410229944451_1196618053944441679_n.jpg 720w, https:\/\/arquersolivella.com\/wordpress\/wp-content\/uploads\/2018\/02\/27331834_1568410229944451_1196618053944441679_n-225x300.jpg 225w\" sizes=\"auto, (max-width: 720px) 100vw, 720px\" \/><\/p>\n<p><img loading=\"lazy\" decoding=\"async\" class=\"aligncenter size-full wp-image-2354\" src=\"https:\/\/arquersolivella.com\/wordpress\/wp-content\/uploads\/2018\/02\/27067262_1568410339944440_457383691663383141_n.jpg\" alt=\"\" width=\"960\" height=\"720\" srcset=\"https:\/\/arquersolivella.com\/wordpress\/wp-content\/uploads\/2018\/02\/27067262_1568410339944440_457383691663383141_n.jpg 960w, https:\/\/arquersolivella.com\/wordpress\/wp-content\/uploads\/2018\/02\/27067262_1568410339944440_457383691663383141_n-300x225.jpg 300w, https:\/\/arquersolivella.com\/wordpress\/wp-content\/uploads\/2018\/02\/27067262_1568410339944440_457383691663383141_n-768x576.jpg 768w, https:\/\/arquersolivella.com\/wordpress\/wp-content\/uploads\/2018\/02\/27067262_1568410339944440_457383691663383141_n-480x360.jpg 480w, https:\/\/arquersolivella.com\/wordpress\/wp-content\/uploads\/2018\/02\/27067262_1568410339944440_457383691663383141_n-320x240.jpg 320w, https:\/\/arquersolivella.com\/wordpress\/wp-content\/uploads\/2018\/02\/27067262_1568410339944440_457383691663383141_n-240x180.jpg 240w\" sizes=\"auto, (max-width: 960px) 100vw, 960px\" \/><\/p>\n<p><img loading=\"lazy\" decoding=\"async\" class=\"aligncenter size-full wp-image-2355\" src=\"https:\/\/arquersolivella.com\/wordpress\/wp-content\/uploads\/2018\/02\/26993633_1568410543277753_5579433049318797439_n.jpg\" alt=\"\" width=\"720\" height=\"960\" srcset=\"https:\/\/arquersolivella.com\/wordpress\/wp-content\/uploads\/2018\/02\/26993633_1568410543277753_5579433049318797439_n.jpg 720w, https:\/\/arquersolivella.com\/wordpress\/wp-content\/uploads\/2018\/02\/26993633_1568410543277753_5579433049318797439_n-225x300.jpg 225w\" sizes=\"auto, (max-width: 720px) 100vw, 720px\" \/><\/p>\n","protected":false},"excerpt":{"rendered":"<p>Jordi Almirall i Cristina Sansa son els nous campions de Catalunya de Sala de la temporada 2017-2018 a la modalitat d&#8217;arc instintiu. La representaci\u00f3 del Club al 51\u00e8 Campionat de Catalunya de Sala ha estat nombrosa, amb un total de 10 participants. A m\u00e9s a m\u00e9s dels ors esmentats de Jordi Almirall i Cristina Sansa<\/p>\n<p><a href=\"https:\/\/arquersolivella.com\/wordpress\/?p=2351\" class=\"more-link themebutton\">Read More<\/a><\/p>\n","protected":false},"author":2,"featured_media":0,"comment_status":"open","ping_status":"open","sticky":false,"template":"","format":"standard","meta":{"footnotes":""},"categories":[1],"tags":[],"class_list":["post-2351","post","type-post","status-publish","format-standard","hentry","category-uncategorized"],"_links":{"self":[{"href":"https:\/\/arquersolivella.com\/wordpress\/index.php?rest_route=\/wp\/v2\/posts\/2351","targetHints":{"allow":["GET"]}}],"collection":[{"href":"https:\/\/arquersolivella.com\/wordpress\/index.php?rest_route=\/wp\/v2\/posts"}],"about":[{"href":"https:\/\/arquersolivella.com\/wordpress\/index.php?rest_route=\/wp\/v2\/types\/post"}],"author":[{"embeddable":true,"href":"https:\/\/arquersolivella.com\/wordpress\/index.php?rest_route=\/wp\/v2\/users\/2"}],"replies":[{"embeddable":true,"href":"https:\/\/arquersolivella.com\/wordpress\/index.php?rest_route=%2Fwp%2Fv2%2Fcomments&post=2351"}],"version-history":[{"count":2,"href":"https:\/\/arquersolivella.com\/wordpress\/index.php?rest_route=\/wp\/v2\/posts\/2351\/revisions"}],"predecessor-version":[{"id":2360,"href":"https:\/\/arquersolivella.com\/wordpress\/index.php?rest_route=\/wp\/v2\/posts\/2351\/revisions\/2360"}],"wp:attachment":[{"href":"https:\/\/arquersolivella.com\/wordpress\/index.php?rest_route=%2Fwp%2Fv2%2Fmedia&parent=2351"}],"wp:term":[{"taxonomy":"category","embeddable":true,"href":"https:\/\/arquersolivella.com\/wordpress\/index.php?rest_route=%2Fwp%2Fv2%2Fcategories&post=2351"},{"taxonomy":"post_tag","embeddable":true,"href":"https:\/\/arquersolivella.com\/wordpress\/index.php?rest_route=%2Fwp%2Fv2%2Ftags&post=2351"}],"curies":[{"name":"wp","href":"https:\/\/api.w.org\/{rel}","templated":true}]}}